{"id":240,"date":"2011-11-02T09:07:44","date_gmt":"2011-11-02T09:07:44","guid":{"rendered":"http:\/\/piatkosia.k4be.pl\/wordpress\/?p=240"},"modified":"2011-11-20T18:12:57","modified_gmt":"2011-11-20T18:12:57","slug":"itad","status":"publish","type":"post","link":"https:\/\/piatkosia.k4be.pl\/wordpress\/2011\/11\/02\/itad\/","title":{"rendered":"ITAD"},"content":{"rendered":"<p>Jaki\u015b czas nie pisa\u0142am, czego powodem jest g\u0142\u00f3wnie brak czasu. Skr\u00f3cony, a przez to bardziej intensywny semestr, praktyki, prowadzenie ko\u0142a czy organizowanie event\u00f3w poch\u0142ania mnie do reszty. Zauwa\u017cy\u0142a to nawet cz\u0119\u015b\u0107 z moich znajomych, pisz\u0105c, \u017ce &#8222;ty ostatnio na nic nie masz czasu, ej no&#8221;.<\/p>\n<p>Tym, kt\u00f3rzy s\u0105 w\u015br\u00f3d tych os\u00f3b, pragn\u0119 donie\u015b\u0107, \u017ce od przysz\u0142ego roku kalendarzowego b\u0119d\u0119 mia\u0142a dla nich odrobin\u0119 wi\u0119cej czasu. Jeszcze nie jedn\u0105 noc przeircujemy czy przeggadamy, nie martwcie si\u0119:)<br \/>\n<!--more--><br \/>\nCo do event\u00f3w, najbli\u017cszym jaki organizuj\u0119, jest IT Academic Day na UZ. Pe\u0142ni\u0119 funkcj\u0119 jak\u0105 pe\u0142ni\u0119 i ca\u0142a logistyka jest na mojej g\u0142\u00f3wce;) Niestety nie mam mo\u017cliwo\u015bci wyst\u0105pienia na nim. Nie \u017ce nie chc\u0119, ale M$, m\u00f3j<del> bug \u00a0<\/del>\u00a0b\u00f3g i car je\u015bli chodzi o te sprawy uwa\u017ca, \u017ce na swoich itadach NIE WOLNO ani wyst\u0119powa\u0107, ani cho\u0107by zapowiada\u0107. Widocznie maj\u0105 w tym cel, wyjdzie w praniu.<\/p>\n<p><strong>Je\u017celi kto\u015b przypadkiem b\u0119dzie w okolicach Zielonej G\u00f3ry 17.11.2011 w godzinach 10-17 \u00a0serdecznie zapraszam:)<\/strong><\/p>\n<p>Miejsce: Wydzia\u0142 mechaniczny, sala 044 (jak b\u0119dzie kto\u015b jecha\u0142 poci\u0105giem: Wsiadacie w MZK na przystanku PKP ul Bema [nie myli\u0107 z sulechowsk\u0105] jedziecie np. 8 do przystanku Podg\u00f3rna Uniwersytet. Tam si\u0119 podpytajcie;) Albo wejd\u017acie np. do kt\u00f3rego\u015b z akademik\u00f3w i przejd\u017acie do\u0142em. Portierzy was w ostateczno\u015bci poinstruuj\u0105)<\/p>\n<p>AGENDA:<\/p>\n<pre>10.00 - 10.15 Rozpocz\u0119cie konferencji\r\n10.15 - 11.00 Innowacje w Microsoft (Katarzyna Pawlonka, APM Microsoft)\r\n11.15 - 12.00 Windows Phone 7 (Kamil Feliszewski, Tomasz Rokicki)\r\n12.00 - 12.20 Konkurs Imagine Cup (CK Wydarzenia)\r\n12.35 - 13.35 Co nowego w ASP.NET MVC 4 (Tomasz Kry\u015bkiewicz)\r\n13.45 - 15.15 HTML 5 i IE 9 - Nowe technologie dla tw\u00f3rc\u00f3w WWW (Tomasz Wi\u015bniewski, pracownik Microsoft)\r\n15.20 - 16.45 Windows 8 (dr Piotr Bubacz)\r\n16.45 - 17.00 Zako\u0144czenie konferencji<\/pre>\n<p>Jak chcecie zgarn\u0105\u0107 nagrody (zostan\u0105 rozlosowane) i upominki (dla ka\u017cdego) zarejestrujcie si\u0119 ju\u017c dzi\u015b na <a title=\"itad-zgora\" href=\" http:\/\/tnij.org\/itad-zgora\" target=\"_blank\">http:\/\/tnij.org\/itad-zgora<\/a>\u00a0.<\/p>\n<p>Nie wiem czy b\u0119d\u0119 pisa\u0142a relacj\u0119 na \u017cywo (czy dopiero na zdech\u0142o albo wcale).<\/p>\n<p>PS. Tego dnia poza konf\u0105 jestem nie do dorwania. Wszelkie sprawy przek\u0142adam na inny dzie\u0144.<\/p>\n<p>Do zobaczenia na ITAD<\/p>\n","protected":false},"excerpt":{"rendered":"<p>Jaki\u015b czas nie pisa\u0142am, czego powodem jest g\u0142\u00f3wnie brak czasu. Skr\u00f3cony, a przez to bardziej intensywny semestr, praktyki, prowadzenie ko\u0142a czy organizowanie event\u00f3w poch\u0142ania mnie<\/p>\n<div class=\"more-link-wrapper\"><a class=\"more-link\" href=\"https:\/\/piatkosia.k4be.pl\/wordpress\/2011\/11\/02\/itad\/\">Lecim dalej<span class=\"screen-reader-text\">ITAD<\/span> <i class=\"fas fa-angle-right\"><\/i><\/a><\/div>\n","protected":false},"author":1,"featured_media":0,"comment_status":"open","ping_status":"open","sticky":false,"template":"","format":"standard","meta":{"footnotes":""},"categories":[1,87,54,41,14,24],"tags":[88,89],"class_list":["post-240","post","type-post","status-publish","format-standard","hentry","category-bez-kategorii","category-eventy","category-ms","category-reklama","category-spolecznosc","category-techniczne","tag-itad","tag-microsoft","entry"],"_links":{"self":[{"href":"https:\/\/piatkosia.k4be.pl\/wordpress\/wp-json\/wp\/v2\/posts\/240","targetHints":{"allow":["GET"]}}],"collection":[{"href":"https:\/\/piatkosia.k4be.pl\/wordpress\/wp-json\/wp\/v2\/posts"}],"about":[{"href":"https:\/\/piatkosia.k4be.pl\/wordpress\/wp-json\/wp\/v2\/types\/post"}],"author":[{"embeddable":true,"href":"https:\/\/piatkosia.k4be.pl\/wordpress\/wp-json\/wp\/v2\/users\/1"}],"replies":[{"embeddable":true,"href":"https:\/\/piatkosia.k4be.pl\/wordpress\/wp-json\/wp\/v2\/comments?post=240"}],"version-history":[{"count":5,"href":"https:\/\/piatkosia.k4be.pl\/wordpress\/wp-json\/wp\/v2\/posts\/240\/revisions"}],"predecessor-version":[{"id":288,"href":"https:\/\/piatkosia.k4be.pl\/wordpress\/wp-json\/wp\/v2\/posts\/240\/revisions\/288"}],"wp:attachment":[{"href":"https:\/\/piatkosia.k4be.pl\/wordpress\/wp-json\/wp\/v2\/media?parent=240"}],"wp:term":[{"taxonomy":"category","embeddable":true,"href":"https:\/\/piatkosia.k4be.pl\/wordpress\/wp-json\/wp\/v2\/categories?post=240"},{"taxonomy":"post_tag","embeddable":true,"href":"https:\/\/piatkosia.k4be.pl\/wordpress\/wp-json\/wp\/v2\/tags?post=240"}],"curies":[{"name":"wp","href":"https:\/\/api.w.org\/{rel}","templated":true}]}}