{"id":837,"date":"2015-08-25T11:07:32","date_gmt":"2015-08-25T11:07:32","guid":{"rendered":"http:\/\/piatkosia.k4be.pl\/wordpress\/?p=837"},"modified":"2015-08-25T11:07:32","modified_gmt":"2015-08-25T11:07:32","slug":"dlaczego-jestem-za-monarchia","status":"publish","type":"post","link":"https:\/\/piatkosia.k4be.pl\/wordpress\/2015\/08\/25\/dlaczego-jestem-za-monarchia\/","title":{"rendered":"Dlaczego jestem za monarchi\u0105."},"content":{"rendered":"<p style=\"text-align: justify;\">[UWAGA &#8211; POLITYCZNY BE\u0141KOT- CZYTASZ NA W\u0141ASN\u0104 ODPOWIEDZIALNO\u015a\u0106]<br \/>\nJOWy, nie jowy&#8230; nic nie zmieni\u0105. Dlaczego? Bo wi\u0119kszo\u015b\u0107 ludzi to albo idioci, albo ignoranci. Albo nie wiedz\u0105 i nie my\u015bl\u0105, albo ich to w og\u00f3le nie interesuje. Ale na wybory id\u0105 i g\u0142osuj\u0105 najcz\u0119\u015bciej na tych &#8211; co w telewizorze poka\u017c\u0105, \u017ce maj\u0105 najwy\u017csze s\u0142upki. Dlatego moim zdaniem lepiej jest, aby\u015bmy mieli KR\u00d3LA i do tego rad\u0119 starszych (co\u015b jak parlament, ale z\u0142o\u017cony z ministr\u00f3w od r\u00f3\u017cnych spraw. Ka\u017cdy z nich by\u0142by ministrem np. do spraw rybo\u0142\u00f3wstwa, ale osobny do spraw budowy, serwisu i eksploatacji \u0142odzi inny ds. zarz\u0105dzania \u0142owiskami &#8211; je\u015bli s\u0105 jacy\u015b zarz\u0105dcy \u0142owisk &#8211; przy czym musi by\u0107 ich tylu, by mogli spokojnie obradowa\u0107 w jednej sali).<\/p>\n<p style=\"text-align: justify;\"><!--more--><\/p>\n<p style=\"text-align: justify;\">Zaczn\u0119 od rady starszych &#8211; by\u0142a by wybierana wg JOW, ale nie przez okr\u0119gi terytorialne, a mentalne. Takiego ministra mogliby wybra\u0107 przedstawiciele SPO\u0141ECZNO\u015aCI I ZAWOD\u00d3W w\u015br\u00f3d swoich cz\u0142onk\u00f3w. Przy czym ka\u017cdy mo\u017ce nale\u017ce\u0107 do dowolnej ilo\u015bci grup- ale by\u0142yby one rejestrowane (aby zapisa\u0107 si\u0119 do np grupy BHPowc\u00f3w musia\u0142by cz\u0142owiek mie\u0107 albo wykszta\u0142cenie albo minimum rok przepracowany na pe\u0142nym etacie, 2 lata na p\u00f3\u0142 i tak dalej; w przypadku niepe\u0142nosprawnych- by\u0142oby to orzeczenie o stopniu niepe\u0142nosprawno\u015bci, dla grup w kt\u00f3rych nie idzie papierkiem, zawsze jest zasada sta\u017cu w pracy lub wolontariacie dla fundacji czy stowarzysze\u0144). Przyk\u0142adem niech b\u0119dzie grupa os\u00f3b niepe\u0142nosprawnych, grupa pracownik\u00f3w kolei i grupa admin\u00f3w sieciowych. Admin w pkp informatyka kt\u00f3ry je\u017adzi na w\u00f3zku m\u00f3g\u0142by nale\u017ce\u0107 do wszystkich. ALE do takiej rady mogliby kandydowa\u0107 tylko cz\u0142onkowie spo\u0142eczno\u015bci, kt\u00f3rzy spe\u0142niaj\u0105 kryteria przynale\u017cno\u015bci ORAZ uko\u0144czyli 60 rok \u017cycia (a przynajmniej przez 10 lat spe\u0142niali kryteria przynale\u017cno\u015bci). Dlaczego?<\/p>\n<p style=\"text-align: justify;\">\nPoniewa\u017c du\u017co widzia\u0142 i rz\u0105d\u00f3w i kryzys\u00f3w i lat \u015bwietno\u015bci i&#8230; O nowinkach technicznych mo\u017ce dowiedzie\u0107 si\u0119 od m\u0142odych ale tylko taka osoba mo\u017ce spojrze\u0107 na to co si\u0119 dzieje w jako takim kontek\u015bcie historycznym i przewidywa\u0107 konsekwencje swoich decyzji &#8211; przy okazji taka osoba jako wywodz\u0105ca si\u0119 z danej spo\u0142eczno\u015bci najlepiej b\u0119dzie reprezentowa\u0142a jej interesy &#8211; swoje i koleg\u00f3w po fachu. Solidarno\u015b\u0107 \u015brodowiskowa jest tak silna, \u017ce nikt nie ma w\u0105tpliwo\u015bci &#8222;kt\u00f3rzy s\u0105 nasi&#8221;. Ponad to przed nimi b\u0119dzie odpowiedzialna &#8211; z\u0142e decyzje go spal\u0105 (roboty ju\u017c nie znajdzie- b\u0119dzie musia\u0142 si\u0119 przekwalifikowa\u0107 lub wyjecha\u0107), grupa przyci\u015bnie by si\u0119 zrzek\u0142 mandatu i wybior\u0105 sobie innego. A wiek ponad to sprawi &#8211; \u017ce takiej osobie ju\u017c wszystko jedno &#8211; mo\u017ce by\u0107 zar\u00f3wno niewygodna dla w\u0142adzy jak i nie musi si\u0119 dorabia\u0107, bo niewiele jej tego \u017cycia zosta\u0142o. Mandaty by\u0142yby przyznawane nie na kadencj\u0119 a do odwo\u0142ania przez grup\u0119 (tu podpisy 10% cz\u0142onk\u00f3w grupy &#8211; przy czym odwo\u0142ywany mo\u017ce kandydowa\u0107 ponownie) lub rezygnacji przedstawiciela (czy \u015bmierci). Obecnie ludzie nie s\u0105 ju\u017c przywi\u0105zani do ma\u0142ej ojczyzny &#8211; ale solidarno\u015b\u0107 w\u015br\u00f3d przedstawicieli okre\u015blonej grupy zawodowej jest nadal silna.<\/p>\n<p style=\"text-align: justify;\">JOWy wi\u0119c to nieco poroniony pomys\u0142 &#8211; nikt z ma\u0142ej partii nie wejdzie (bo w danym okr\u0119gu wygra ten, na kogo bardziej b\u0119dzie nagadywa\u0107 telewizja regionalna &#8211; a wi\u0119c kto\u015b z systemu), wygra jaki\u015b POpapraniec czy inna PISda- je\u015bli wejdzie kto\u015b z antysystemowc\u00f3w to mo\u017ce ze 3 kukizk\u00f3w- na 460 os\u00f3b, powodzenia- pewnie nawet jedna z wiod\u0105cych partii nie b\u0119dzie musia\u0142a koalicjanta szuka\u0107.<\/p>\n<p style=\"text-align: justify;\">Takie osoby &#8211; przedstawiciele konkretnych grup staj\u0105 si\u0119 z automatu doradcami kr\u00f3la w sprawach kt\u00f3rych s\u0105 kompetentni &#8211; nie wejd\u0105 pos\u0142owie nijacy, kt\u00f3rzy tylko obiecuj\u0105. I co wa\u017cne &#8211; przedstawiciele tacy nie b\u0119d\u0105 w \u017caden spos\u00f3b finansowani przez pa\u0144stwo &#8211; zrzutk\u0119 b\u0119d\u0105 robili ci, kt\u00f3rzy na niego g\u0142osowali- bo w ko\u0144cu to ich interesy ma reprezentowa\u0107 przed kr\u00f3lem. A sk\u0142adka taka pochodzi\u0142aby jako 1\/100 podatku dochodowego per grup\u0119 na nie wi\u0119cej ni\u017c 10 grup(w przypadku bycia w wi\u0119kszej ilo\u015bci grup &#8211; pieni\u0105\u017cki sz\u0142y by do 10 najmniej licznych). I te pieni\u0105dze sz\u0142y by na utrzymanie biura, wy\u017cywienie i tak dalej, a nadwy\u017cka by\u0142aby pul\u0105 dodatkow\u0105 na dobroczynno\u015b\u0107 dla cz\u0142onk\u00f3w grup &#8211; robienie na przyk\u0142ad darmowych materia\u0142\u00f3w szkoleniowych czy wspierania szkolnictwa zawodowego z danego obszaru czy rehabilitacj\u0119 i badania naukowe.<\/p>\n<p style=\"text-align: justify;\">G\u0142\u00f3wne decyzje po zebraniu opinii od rady starszych wydawa\u0142by kr\u00f3l pe\u0142ni\u0105cy funkcj\u0119\u00a0do\u017cywotnio a po nim kr\u00f3lestwo obejmowa\u0142by jego najstarszy syn (a potem kolejni) lub syn jego c\u00f3rki (na czas &#8222;bezkr\u00f3lewia&#8221; &#8211; tzn p\u00f3ki syn nie osi\u0105gnie lat co najmniej 40, najstarszy przedstawiciel rady starszych &#8211; w przypadku braku dzieci u ostatniego potomka linii kr\u00f3lewskiej &#8211; kr\u00f3la wybiera si\u0119 w demokratycznej procedurze spo\u015br\u00f3d rady). Dlatego ma by\u0107 jedna rodzina, by kolejne rodziny nie napycha\u0142y kies i by po wygaszeniu mandatu nie musie\u0107 mu emerytury p\u0142aci\u0107. Kiedy b\u0119dzie ju\u017c stary i schorowany &#8211; za niego decyzj\u0119 mog\u0105 podejmowa\u0107 radni w g\u0142osowaniu, lub jego syn (czy syn syna lub c\u00f3rki &#8211; ale zawsze m\u0119\u017cczyzna). Rodzina kr\u00f3lewska wtedy by za wszystko odpowiada\u0142a g\u0142ow\u0105 &#8211; z\u0142ego kr\u00f3la mo\u017cna przecie\u017c zabi\u0107 &#8211; wi\u0119c b\u0119dzie uwa\u017ca\u0142 co podpisuje. B\u0119dzie te\u017c ta\u0144szy &#8211; bo nie b\u0119dzie ustawiana coraz to nowa rodzina &#8211; ile mo\u017cna nakra\u015b\u0107? Poza tym maj\u0105tek rodziny kr\u00f3lewskiej by\u0142by od razu maj\u0105tkiem pa\u0144stwa &#8211; wi\u0119c nie by\u0142oby co gromadzi\u0107, bo i tak wszystko i nic by\u0142oby ich. Dalej &#8211; ka\u017cdy chce jak najwi\u0119cej w\u0142adzy dla siebie, wi\u0119c nikt nie podpisuje takich traktat\u00f3w jak w Nicei lub co gorsza w Lizbonie &#8211; gdzie zrzeka si\u0119 coraz kolejnych praw na rzecz wsp\u00f3lnoty.<\/p>\n<p style=\"text-align: justify;\">Tylko kr\u00f3l jest gwarantem niepodleg\u0142o\u015bci i suwerenno\u015bci, bo dbaj\u0105c o w\u0142asn\u0105 \u017c\u0105dz\u0119 w\u0142adzy dba przy okazji o kraj. A \u017ce maj\u0105tek kraju to jego maj\u0105tek- dba by ten si\u0119 mno\u017cy\u0142 a nie by\u0142 wykradany i wywo\u017cony. Przedstawiciele r\u00f3\u017cych fach\u00f3w przeciwdzia\u0142aj\u0105 zamykaniu zak\u0142ad\u00f3w i dbaj\u0105 o rozbudow\u0119 ka\u017cdej z ga\u0142\u0119zi przemys\u0142u &#8211; bo to zysk ich oraz kr\u00f3lestwa. Aby zarabia\u0107 jeszcze wi\u0119cej zaczyna rozrasta\u0107 si\u0119 eksport, kt\u00f3ry jest przy okazji pretekstem do rozm\u00f3w z s\u0105siadami. To, czego z powod\u00f3w ekologicznych nie chcemy tu produkowa\u0107 (ot na przyk\u0142ad plastikowe obudowy- bo zanieczyszczenia, czy banany &#8211; bo pogoda nie ta), lub po prostu mamy za ma\u0142\u0105 si\u0142\u0119 by naprodukowa\u0107 tyle, by zaspokoi\u0107 potrzeby (braki kadrowe), kupujemy w ta\u0144szych pa\u0144stwach i ro\u015bnie handel w dwie strony. Wychodzimy na prost\u0105, sp\u0142acamy d\u0142ug i wychodzimy z UE zostawiaj\u0105c z nimi tylko swobod\u0119 w handlu.<\/p>\n<p style=\"text-align: justify;\">I Polska ro\u015bnie w si\u0142\u0119. Ok, ros\u0142aby bo takiego systemu politycznego raczej nie wprowadz\u0105.<\/p>\n","protected":false},"excerpt":{"rendered":"<p>[UWAGA &#8211; POLITYCZNY BE\u0141KOT- CZYTASZ NA W\u0141ASN\u0104 ODPOWIEDZIALNO\u015a\u0106] JOWy, nie jowy&#8230; nic nie zmieni\u0105. Dlaczego? Bo wi\u0119kszo\u015b\u0107 ludzi to albo idioci, albo ignoranci. Albo nie<\/p>\n<div class=\"more-link-wrapper\"><a class=\"more-link\" href=\"https:\/\/piatkosia.k4be.pl\/wordpress\/2015\/08\/25\/dlaczego-jestem-za-monarchia\/\">Lecim dalej<span class=\"screen-reader-text\">Dlaczego jestem za monarchi\u0105.<\/span> <i class=\"fas fa-angle-right\"><\/i><\/a><\/div>\n","protected":false},"author":1,"featured_media":0,"comment_status":"open","ping_status":"open","sticky":false,"template":"","format":"standard","meta":{"footnotes":""},"categories":[20],"tags":[226,225,86],"class_list":["post-837","post","type-post","status-publish","format-standard","hentry","category-pomysly","tag-jowy","tag-monarchia","tag-polityka","entry"],"_links":{"self":[{"href":"https:\/\/piatkosia.k4be.pl\/wordpress\/wp-json\/wp\/v2\/posts\/837","targetHints":{"allow":["GET"]}}],"collection":[{"href":"https:\/\/piatkosia.k4be.pl\/wordpress\/wp-json\/wp\/v2\/posts"}],"about":[{"href":"https:\/\/piatkosia.k4be.pl\/wordpress\/wp-json\/wp\/v2\/types\/post"}],"author":[{"embeddable":true,"href":"https:\/\/piatkosia.k4be.pl\/wordpress\/wp-json\/wp\/v2\/users\/1"}],"replies":[{"embeddable":true,"href":"https:\/\/piatkosia.k4be.pl\/wordpress\/wp-json\/wp\/v2\/comments?post=837"}],"version-history":[{"count":1,"href":"https:\/\/piatkosia.k4be.pl\/wordpress\/wp-json\/wp\/v2\/posts\/837\/revisions"}],"predecessor-version":[{"id":838,"href":"https:\/\/piatkosia.k4be.pl\/wordpress\/wp-json\/wp\/v2\/posts\/837\/revisions\/838"}],"wp:attachment":[{"href":"https:\/\/piatkosia.k4be.pl\/wordpress\/wp-json\/wp\/v2\/media?parent=837"}],"wp:term":[{"taxonomy":"category","embeddable":true,"href":"https:\/\/piatkosia.k4be.pl\/wordpress\/wp-json\/wp\/v2\/categories?post=837"},{"taxonomy":"post_tag","embeddable":true,"href":"https:\/\/piatkosia.k4be.pl\/wordpress\/wp-json\/wp\/v2\/tags?post=837"}],"curies":[{"name":"wp","href":"https:\/\/api.w.org\/{rel}","templated":true}]}}